{"id":702,"date":"2019-02-05T11:42:41","date_gmt":"2019-02-05T10:42:41","guid":{"rendered":"http:\/\/philippemigne.com\/atelier-galerie\/?p=702"},"modified":"2019-11-28T11:44:13","modified_gmt":"2019-11-28T10:44:13","slug":"exposition-art-baden-10-ans","status":"publish","type":"post","link":"http:\/\/philippemigne.com\/atelier-galerie\/exposition-art-baden-10-ans\/","title":{"rendered":"EXPOSITION ART BADEN     10 ANS"},"content":{"rendered":"\n<p><\/p>\n\n\n\n<figure class=\"wp-block-image\"><img decoding=\"async\" loading=\"lazy\" width=\"711\" height=\"1024\" src=\"http:\/\/philippemigne.com\/atelier-galerie\/wp-content\/uploads\/2019\/11\/affiche-art-baden-philippe-migne-711x1024.jpg\" alt=\"\" class=\"wp-image-704\" srcset=\"http:\/\/philippemigne.com\/atelier-galerie\/wp-content\/uploads\/2019\/11\/affiche-art-baden-philippe-migne-711x1024.jpg 711w, http:\/\/philippemigne.com\/atelier-galerie\/wp-content\/uploads\/2019\/11\/affiche-art-baden-philippe-migne-208x300.jpg 208w, http:\/\/philippemigne.com\/atelier-galerie\/wp-content\/uploads\/2019\/11\/affiche-art-baden-philippe-migne-768x1106.jpg 768w, http:\/\/philippemigne.com\/atelier-galerie\/wp-content\/uploads\/2019\/11\/affiche-art-baden-philippe-migne.jpg 833w\" sizes=\"(max-width: 711px) 100vw, 711px\" \/><\/figure>\n\n\n\n<p>Pour ses dix ans d\u2019existence l&rsquo;association Art Baden organise une exposition, au Ch\u00e2teau l&rsquo; Hermine \u00e0 Vannes du 2 au 8 d\u00e9cembre 2019<br>de 11 h \u00e0 19 h.<br>J&rsquo;aurais le plaisir d&rsquo;y pr\u00e9senter des gravures<\/p>\n\n\n\n<p><br><\/p>\n\n\n\n<p><br><\/p>\n","protected":false},"excerpt":{"rendered":"<p>Pour ses dix ans d\u2019existence l&rsquo;association Art Baden organise une exposition, au Ch\u00e2teau l&rsquo; Hermine \u00e0 Vannes du 2 au 8 d\u00e9cembre 2019de 11 h \u00e0 19 h.J&rsquo;aurais le plaisir d&rsquo;y pr\u00e9senter des gravures<\/p>\n","protected":false},"author":2,"featured_media":704,"comment_status":"closed","ping_status":"closed","sticky":false,"template":"","format":"standard","meta":[],"categories":[1],"tags":[14,15],"_links":{"self":[{"href":"http:\/\/philippemigne.com\/atelier-galerie\/wp-json\/wp\/v2\/posts\/702"}],"collection":[{"href":"http:\/\/philippemigne.com\/atelier-galerie\/wp-json\/wp\/v2\/posts"}],"about":[{"href":"http:\/\/philippemigne.com\/atelier-galerie\/wp-json\/wp\/v2\/types\/post"}],"author":[{"embeddable":true,"href":"http:\/\/philippemigne.com\/atelier-galerie\/wp-json\/wp\/v2\/users\/2"}],"replies":[{"embeddable":true,"href":"http:\/\/philippemigne.com\/atelier-galerie\/wp-json\/wp\/v2\/comments?post=702"}],"version-history":[{"count":1,"href":"http:\/\/philippemigne.com\/atelier-galerie\/wp-json\/wp\/v2\/posts\/702\/revisions"}],"predecessor-version":[{"id":705,"href":"http:\/\/philippemigne.com\/atelier-galerie\/wp-json\/wp\/v2\/posts\/702\/revisions\/705"}],"wp:featuredmedia":[{"embeddable":true,"href":"http:\/\/philippemigne.com\/atelier-galerie\/wp-json\/wp\/v2\/media\/704"}],"wp:attachment":[{"href":"http:\/\/philippemigne.com\/atelier-galerie\/wp-json\/wp\/v2\/media?parent=702"}],"wp:term":[{"taxonomy":"category","embeddable":true,"href":"http:\/\/philippemigne.com\/atelier-galerie\/wp-json\/wp\/v2\/categories?post=702"},{"taxonomy":"post_tag","embeddable":true,"href":"http:\/\/philippemigne.com\/atelier-galerie\/wp-json\/wp\/v2\/tags?post=702"}],"curies":[{"name":"wp","href":"https:\/\/api.w.org\/{rel}","templated":true}]}}