{"id":733,"date":"2019-02-06T17:30:07","date_gmt":"2019-02-06T16:30:07","guid":{"rendered":"http:\/\/philippemigne.com\/atelier-galerie\/?p=733"},"modified":"2020-06-11T09:15:52","modified_gmt":"2020-06-11T07:15:52","slug":"salon-anima-libri","status":"publish","type":"post","link":"http:\/\/philippemigne.com\/atelier-galerie\/salon-anima-libri\/","title":{"rendered":"Salon Anima Libri &#8211; les 21 22 et 23 F\u00e9vrier 2020 Montreul-Bellay"},"content":{"rendered":"\n<p><\/p>\n\n\n\n<p><\/p>\n\n\n\n<p><\/p>\n\n\n\n<ul class=\"wp-block-gallery columns-1 is-cropped wp-block-gallery-1 is-layout-flex\"><li class=\"blocks-gallery-item\"><figure><img decoding=\"async\" loading=\"lazy\" width=\"708\" height=\"1024\" src=\"http:\/\/philippemigne.com\/atelier-galerie\/wp-content\/uploads\/2020\/06\/Biblioth\u00e8que-marine-708x1024.jpg\" alt=\"\" data-id=\"764\" data-link=\"http:\/\/philippemigne.com\/atelier-galerie\/salon-anima-libri\/bibliotheque-marine\/\" class=\"wp-image-764\" srcset=\"http:\/\/philippemigne.com\/atelier-galerie\/wp-content\/uploads\/2020\/06\/Biblioth\u00e8que-marine-708x1024.jpg 708w, http:\/\/philippemigne.com\/atelier-galerie\/wp-content\/uploads\/2020\/06\/Biblioth\u00e8que-marine-207x300.jpg 207w, http:\/\/philippemigne.com\/atelier-galerie\/wp-content\/uploads\/2020\/06\/Biblioth\u00e8que-marine-768x1110.jpg 768w, http:\/\/philippemigne.com\/atelier-galerie\/wp-content\/uploads\/2020\/06\/Biblioth\u00e8que-marine.jpg 1200w\" sizes=\"(max-width: 708px) 100vw, 708px\" \/><\/figure><\/li><\/ul>\n\n\n\n<p>Stand Gravures sur le salon du livre et ses m\u00e9tiers d&rsquo;Art<br>vendredi de 14 h \u00e0 18 h 30, samedi et dimanche de 10 h \u00e0 18 h 30<\/p>\n\n\n\n<p><br><\/p>\n\n\n\n<p><br><\/p>\n","protected":false},"excerpt":{"rendered":"<p>Stand Gravures sur le salon du livre et ses m\u00e9tiers d&rsquo;Artvendredi de 14 h \u00e0 18 h 30, samedi et dimanche de 10 h \u00e0 18 h 30<\/p>\n","protected":false},"author":2,"featured_media":764,"comment_status":"closed","ping_status":"closed","sticky":false,"template":"","format":"standard","meta":[],"categories":[1],"tags":[14,15],"_links":{"self":[{"href":"http:\/\/philippemigne.com\/atelier-galerie\/wp-json\/wp\/v2\/posts\/733"}],"collection":[{"href":"http:\/\/philippemigne.com\/atelier-galerie\/wp-json\/wp\/v2\/posts"}],"about":[{"href":"http:\/\/philippemigne.com\/atelier-galerie\/wp-json\/wp\/v2\/types\/post"}],"author":[{"embeddable":true,"href":"http:\/\/philippemigne.com\/atelier-galerie\/wp-json\/wp\/v2\/users\/2"}],"replies":[{"embeddable":true,"href":"http:\/\/philippemigne.com\/atelier-galerie\/wp-json\/wp\/v2\/comments?post=733"}],"version-history":[{"count":4,"href":"http:\/\/philippemigne.com\/atelier-galerie\/wp-json\/wp\/v2\/posts\/733\/revisions"}],"predecessor-version":[{"id":765,"href":"http:\/\/philippemigne.com\/atelier-galerie\/wp-json\/wp\/v2\/posts\/733\/revisions\/765"}],"wp:featuredmedia":[{"embeddable":true,"href":"http:\/\/philippemigne.com\/atelier-galerie\/wp-json\/wp\/v2\/media\/764"}],"wp:attachment":[{"href":"http:\/\/philippemigne.com\/atelier-galerie\/wp-json\/wp\/v2\/media?parent=733"}],"wp:term":[{"taxonomy":"category","embeddable":true,"href":"http:\/\/philippemigne.com\/atelier-galerie\/wp-json\/wp\/v2\/categories?post=733"},{"taxonomy":"post_tag","embeddable":true,"href":"http:\/\/philippemigne.com\/atelier-galerie\/wp-json\/wp\/v2\/tags?post=733"}],"curies":[{"name":"wp","href":"https:\/\/api.w.org\/{rel}","templated":true}]}}