{"id":744,"date":"2019-02-07T17:58:27","date_gmt":"2019-02-07T16:58:27","guid":{"rendered":"http:\/\/philippemigne.com\/atelier-galerie\/?p=744"},"modified":"2020-06-11T09:07:45","modified_gmt":"2020-06-11T07:07:45","slug":"guy-cosnard-philippe-migne-gravures-ile-tudy","status":"publish","type":"post","link":"http:\/\/philippemigne.com\/atelier-galerie\/guy-cosnard-philippe-migne-gravures-ile-tudy\/","title":{"rendered":"Guy Cosnard- Philippe Mign\u00e9 Gravures- Ile Tudy"},"content":{"rendered":"\n<p>Au\nmoins de mai, tous les ans, la f\u00e9d\u00e9ration Manifestampe \u00e9graine en\nFrance et Europe toute une constellation d\u2019\u00e9v\u00e9nements pour\nc\u00e9l\u00e9brer la f\u00eate de l\u2019Estampe. \n<\/p>\n\n\n\n<p>A cette occasion, et bien que la date aie \u00e9t\u00e9 report\u00e9e, Philippe Mign\u00e9 et Guy Cosnard ont choisit les rives de l\u2019\u00eele Tudy pour pr\u00e9senter leurs gravures. Promeneurs et promeneuses, insulaires, insolites sont invit\u00e9s \u00e0 faire escale \u00e0 la Maison de la Pointe pour parcourir des paysages oniriques au fil d\u2019une balade minutieuse. Du 25 Juin au 1 Juillet 2020, tous les jours de 11 \u00e0 19 heures les deux artistes donnent \u00e0 r\u00eaver autrement les sentiers et les vents des c\u00f4tes de Bretagne.<\/p>\n\n\n\n<ul class=\"wp-block-gallery columns-1 is-cropped wp-block-gallery-1 is-layout-flex\"><li class=\"blocks-gallery-item\"><figure><img decoding=\"async\" loading=\"lazy\" width=\"724\" height=\"1024\" src=\"http:\/\/philippemigne.com\/atelier-galerie\/wp-content\/uploads\/2020\/06\/guy-cosnard-philippe-migne-gravure-maison-de-la-pointe-ile-tudy-724x1024.jpg\" alt=\"\" data-id=\"761\" data-link=\"http:\/\/philippemigne.com\/atelier-galerie\/guy-cosnard-philippe-migne-gravures-ile-tudy\/guy-cosnard-philippe-migne-gravure-maison-de-la-pointe-ile-tudy-4\/\" class=\"wp-image-761\" srcset=\"http:\/\/philippemigne.com\/atelier-galerie\/wp-content\/uploads\/2020\/06\/guy-cosnard-philippe-migne-gravure-maison-de-la-pointe-ile-tudy-724x1024.jpg 724w, http:\/\/philippemigne.com\/atelier-galerie\/wp-content\/uploads\/2020\/06\/guy-cosnard-philippe-migne-gravure-maison-de-la-pointe-ile-tudy-212x300.jpg 212w, http:\/\/philippemigne.com\/atelier-galerie\/wp-content\/uploads\/2020\/06\/guy-cosnard-philippe-migne-gravure-maison-de-la-pointe-ile-tudy-768x1086.jpg 768w\" sizes=\"(max-width: 724px) 100vw, 724px\" \/><\/figure><\/li><\/ul>\n\n\n\n<p><\/p>\n\n\n\n<p><br><\/p>\n\n\n\n<p><br><\/p>\n","protected":false},"excerpt":{"rendered":"<p>Au moins de mai, tous les ans, la f\u00e9d\u00e9ration Manifestampe \u00e9graine en France et Europe toute une constellation d\u2019\u00e9v\u00e9nements pour c\u00e9l\u00e9brer la f\u00eate de l\u2019Estampe. A cette occasion, et bien que la date aie \u00e9t\u00e9 report\u00e9e, Philippe Mign\u00e9 et Guy Cosnard ont choisit les rives de l\u2019\u00eele Tudy pour pr\u00e9senter leurs gravures. Promeneurs et promeneuses, [&hellip;]<\/p>\n","protected":false},"author":2,"featured_media":761,"comment_status":"closed","ping_status":"closed","sticky":false,"template":"","format":"standard","meta":[],"categories":[1],"tags":[14,15],"_links":{"self":[{"href":"http:\/\/philippemigne.com\/atelier-galerie\/wp-json\/wp\/v2\/posts\/744"}],"collection":[{"href":"http:\/\/philippemigne.com\/atelier-galerie\/wp-json\/wp\/v2\/posts"}],"about":[{"href":"http:\/\/philippemigne.com\/atelier-galerie\/wp-json\/wp\/v2\/types\/post"}],"author":[{"embeddable":true,"href":"http:\/\/philippemigne.com\/atelier-galerie\/wp-json\/wp\/v2\/users\/2"}],"replies":[{"embeddable":true,"href":"http:\/\/philippemigne.com\/atelier-galerie\/wp-json\/wp\/v2\/comments?post=744"}],"version-history":[{"count":4,"href":"http:\/\/philippemigne.com\/atelier-galerie\/wp-json\/wp\/v2\/posts\/744\/revisions"}],"predecessor-version":[{"id":762,"href":"http:\/\/philippemigne.com\/atelier-galerie\/wp-json\/wp\/v2\/posts\/744\/revisions\/762"}],"wp:featuredmedia":[{"embeddable":true,"href":"http:\/\/philippemigne.com\/atelier-galerie\/wp-json\/wp\/v2\/media\/761"}],"wp:attachment":[{"href":"http:\/\/philippemigne.com\/atelier-galerie\/wp-json\/wp\/v2\/media?parent=744"}],"wp:term":[{"taxonomy":"category","embeddable":true,"href":"http:\/\/philippemigne.com\/atelier-galerie\/wp-json\/wp\/v2\/categories?post=744"},{"taxonomy":"post_tag","embeddable":true,"href":"http:\/\/philippemigne.com\/atelier-galerie\/wp-json\/wp\/v2\/tags?post=744"}],"curies":[{"name":"wp","href":"https:\/\/api.w.org\/{rel}","templated":true}]}}