{"id":784,"date":"2019-02-07T19:00:41","date_gmt":"2019-02-07T18:00:41","guid":{"rendered":"http:\/\/philippemigne.com\/atelier-galerie\/?p=784"},"modified":"2020-08-27T11:06:16","modified_gmt":"2020-08-27T09:06:16","slug":"viieme-salon-de-la-gravure-manoir-de-kerazan","status":"publish","type":"post","link":"http:\/\/philippemigne.com\/atelier-galerie\/viieme-salon-de-la-gravure-manoir-de-kerazan\/","title":{"rendered":"VII\u00e8me SALON DE LA GRAVURE MANOIR DE KERAZAN"},"content":{"rendered":"\n<p>En compagnie d&rsquo;une dizaine de graveurs, l&rsquo;occasion de pr\u00e9senter mes gravures lors des journ\u00e9es du patrimoine dans le superbe \u00e9crin du manoir de Kerazan<\/p>\n\n\n\n<figure class=\"wp-block-image\"><img decoding=\"async\" loading=\"lazy\" width=\"591\" height=\"834\" src=\"http:\/\/philippemigne.com\/atelier-galerie\/wp-content\/uploads\/2020\/08\/philippe-migne-gravure-kerazan-loctudy.jpg\" alt=\"\" class=\"wp-image-785\" srcset=\"http:\/\/philippemigne.com\/atelier-galerie\/wp-content\/uploads\/2020\/08\/philippe-migne-gravure-kerazan-loctudy.jpg 591w, http:\/\/philippemigne.com\/atelier-galerie\/wp-content\/uploads\/2020\/08\/philippe-migne-gravure-kerazan-loctudy-213x300.jpg 213w\" sizes=\"(max-width: 591px) 100vw, 591px\" \/><\/figure>\n\n\n\n<p><\/p>\n\n\n\n<ul class=\"wp-block-gallery columns-0 is-cropped wp-block-gallery-1 is-layout-flex\"><\/ul>\n\n\n\n<p><\/p>\n\n\n\n<p><br><\/p>\n\n\n\n<p><br><\/p>\n","protected":false},"excerpt":{"rendered":"<p>En compagnie d&rsquo;une dizaine de graveurs, l&rsquo;occasion de pr\u00e9senter mes gravures lors des journ\u00e9es du patrimoine dans le superbe \u00e9crin du manoir de Kerazan<\/p>\n","protected":false},"author":2,"featured_media":785,"comment_status":"closed","ping_status":"closed","sticky":false,"template":"","format":"standard","meta":[],"categories":[1],"tags":[14,15],"_links":{"self":[{"href":"http:\/\/philippemigne.com\/atelier-galerie\/wp-json\/wp\/v2\/posts\/784"}],"collection":[{"href":"http:\/\/philippemigne.com\/atelier-galerie\/wp-json\/wp\/v2\/posts"}],"about":[{"href":"http:\/\/philippemigne.com\/atelier-galerie\/wp-json\/wp\/v2\/types\/post"}],"author":[{"embeddable":true,"href":"http:\/\/philippemigne.com\/atelier-galerie\/wp-json\/wp\/v2\/users\/2"}],"replies":[{"embeddable":true,"href":"http:\/\/philippemigne.com\/atelier-galerie\/wp-json\/wp\/v2\/comments?post=784"}],"version-history":[{"count":1,"href":"http:\/\/philippemigne.com\/atelier-galerie\/wp-json\/wp\/v2\/posts\/784\/revisions"}],"predecessor-version":[{"id":786,"href":"http:\/\/philippemigne.com\/atelier-galerie\/wp-json\/wp\/v2\/posts\/784\/revisions\/786"}],"wp:featuredmedia":[{"embeddable":true,"href":"http:\/\/philippemigne.com\/atelier-galerie\/wp-json\/wp\/v2\/media\/785"}],"wp:attachment":[{"href":"http:\/\/philippemigne.com\/atelier-galerie\/wp-json\/wp\/v2\/media?parent=784"}],"wp:term":[{"taxonomy":"category","embeddable":true,"href":"http:\/\/philippemigne.com\/atelier-galerie\/wp-json\/wp\/v2\/categories?post=784"},{"taxonomy":"post_tag","embeddable":true,"href":"http:\/\/philippemigne.com\/atelier-galerie\/wp-json\/wp\/v2\/tags?post=784"}],"curies":[{"name":"wp","href":"https:\/\/api.w.org\/{rel}","templated":true}]}}