{"id":789,"date":"2019-02-13T10:21:39","date_gmt":"2019-02-13T09:21:39","guid":{"rendered":"http:\/\/philippemigne.com\/atelier-galerie\/?p=789"},"modified":"2021-03-02T10:26:25","modified_gmt":"2021-03-02T09:26:25","slug":"la-galerie-darts-du-vexin","status":"publish","type":"post","link":"http:\/\/philippemigne.com\/atelier-galerie\/la-galerie-darts-du-vexin\/","title":{"rendered":"La Galerie d&rsquo;Arts du Vexin"},"content":{"rendered":"\n<figure class=\"wp-block-image\"><img decoding=\"async\" loading=\"lazy\" width=\"681\" height=\"1024\" src=\"http:\/\/philippemigne.com\/atelier-galerie\/wp-content\/uploads\/2021\/03\/exposition-philippe-migne-vigny-gravure-aquarelle-peinture-681x1024.jpg\" alt=\"\" class=\"wp-image-791\" srcset=\"http:\/\/philippemigne.com\/atelier-galerie\/wp-content\/uploads\/2021\/03\/exposition-philippe-migne-vigny-gravure-aquarelle-peinture-681x1024.jpg 681w, http:\/\/philippemigne.com\/atelier-galerie\/wp-content\/uploads\/2021\/03\/exposition-philippe-migne-vigny-gravure-aquarelle-peinture-200x300.jpg 200w, http:\/\/philippemigne.com\/atelier-galerie\/wp-content\/uploads\/2021\/03\/exposition-philippe-migne-vigny-gravure-aquarelle-peinture-768x1155.jpg 768w, http:\/\/philippemigne.com\/atelier-galerie\/wp-content\/uploads\/2021\/03\/exposition-philippe-migne-vigny-gravure-aquarelle-peinture.jpg 1200w\" sizes=\"(max-width: 681px) 100vw, 681px\" \/><figcaption>dav<\/figcaption><\/figure>\n\n\n\n<p><br><\/p>\n\n\n\n<p>Lors de cette exposition \u00ab\u00a0Vent en Poupe\u00a0\u00bb les visiteurs red\u00e9couvriront ou d\u00e9couvriront les \u0153uvres tr\u00e8s vari\u00e9es de Philippe Mign\u00e9 dont les huiles sur toile, les gravures, des gravures encadr\u00e9es avec leurs cuivres. Des Monuments ou Sites remarquables sont ainsi mis en valeur par les touches tr\u00e8s fines des pinceaux ou pointes de l&rsquo;Artiste <\/p>\n","protected":false},"excerpt":{"rendered":"<p>Lors de cette exposition \u00ab\u00a0Vent en Poupe\u00a0\u00bb les visiteurs red\u00e9couvriront ou d\u00e9couvriront les \u0153uvres tr\u00e8s vari\u00e9es de Philippe Mign\u00e9 dont les huiles sur toile, les gravures, des gravures encadr\u00e9es avec leurs cuivres. Des Monuments ou Sites remarquables sont ainsi mis en valeur par les touches tr\u00e8s fines des pinceaux ou pointes de l&rsquo;Artiste<\/p>\n","protected":false},"author":2,"featured_media":791,"comment_status":"closed","ping_status":"closed","sticky":false,"template":"","format":"standard","meta":[],"categories":[1],"tags":[14,15],"_links":{"self":[{"href":"http:\/\/philippemigne.com\/atelier-galerie\/wp-json\/wp\/v2\/posts\/789"}],"collection":[{"href":"http:\/\/philippemigne.com\/atelier-galerie\/wp-json\/wp\/v2\/posts"}],"about":[{"href":"http:\/\/philippemigne.com\/atelier-galerie\/wp-json\/wp\/v2\/types\/post"}],"author":[{"embeddable":true,"href":"http:\/\/philippemigne.com\/atelier-galerie\/wp-json\/wp\/v2\/users\/2"}],"replies":[{"embeddable":true,"href":"http:\/\/philippemigne.com\/atelier-galerie\/wp-json\/wp\/v2\/comments?post=789"}],"version-history":[{"count":1,"href":"http:\/\/philippemigne.com\/atelier-galerie\/wp-json\/wp\/v2\/posts\/789\/revisions"}],"predecessor-version":[{"id":792,"href":"http:\/\/philippemigne.com\/atelier-galerie\/wp-json\/wp\/v2\/posts\/789\/revisions\/792"}],"wp:featuredmedia":[{"embeddable":true,"href":"http:\/\/philippemigne.com\/atelier-galerie\/wp-json\/wp\/v2\/media\/791"}],"wp:attachment":[{"href":"http:\/\/philippemigne.com\/atelier-galerie\/wp-json\/wp\/v2\/media?parent=789"}],"wp:term":[{"taxonomy":"category","embeddable":true,"href":"http:\/\/philippemigne.com\/atelier-galerie\/wp-json\/wp\/v2\/categories?post=789"},{"taxonomy":"post_tag","embeddable":true,"href":"http:\/\/philippemigne.com\/atelier-galerie\/wp-json\/wp\/v2\/tags?post=789"}],"curies":[{"name":"wp","href":"https:\/\/api.w.org\/{rel}","templated":true}]}}