{"id":800,"date":"2019-02-14T15:00:00","date_gmt":"2019-02-14T14:00:00","guid":{"rendered":"http:\/\/philippemigne.com\/atelier-galerie\/?p=800"},"modified":"2022-04-30T18:11:07","modified_gmt":"2022-04-30T16:11:07","slug":"atelier-galerie-saison-2021","status":"publish","type":"post","link":"http:\/\/philippemigne.com\/atelier-galerie\/atelier-galerie-saison-2021\/","title":{"rendered":"Atelier Galerie saison 2021"},"content":{"rendered":"\n<figure class=\"wp-block-image size-large\"><img decoding=\"async\" loading=\"lazy\" width=\"723\" height=\"1024\" src=\"http:\/\/philippemigne.com\/atelier-galerie\/wp-content\/uploads\/2021\/07\/migne-peinture-gravure-finistere-1-723x1024.jpg\" alt=\"\" class=\"wp-image-802\" srcset=\"http:\/\/philippemigne.com\/atelier-galerie\/wp-content\/uploads\/2021\/07\/migne-peinture-gravure-finistere-1-723x1024.jpg 723w, http:\/\/philippemigne.com\/atelier-galerie\/wp-content\/uploads\/2021\/07\/migne-peinture-gravure-finistere-1-212x300.jpg 212w, http:\/\/philippemigne.com\/atelier-galerie\/wp-content\/uploads\/2021\/07\/migne-peinture-gravure-finistere-1-768x1088.jpg 768w, http:\/\/philippemigne.com\/atelier-galerie\/wp-content\/uploads\/2021\/07\/migne-peinture-gravure-finistere-1.jpg 847w\" sizes=\"(max-width: 723px) 100vw, 723px\" \/><figcaption>Comme tous les \u00e9t\u00e9s l&rsquo;Atelier change d&rsquo; horaires et toujours gravures, aquarelles, peintures et cette ann\u00e9e de nombreux cuivres et gravures encadr\u00e9s ensemble.<\/figcaption><\/figure>\n\n\n\n<p><br><\/p>\n\n\n\n<p><br><\/p>\n","protected":false},"excerpt":{"rendered":"","protected":false},"author":2,"featured_media":802,"comment_status":"closed","ping_status":"closed","sticky":false,"template":"","format":"standard","meta":[],"categories":[1],"tags":[14,15],"_links":{"self":[{"href":"http:\/\/philippemigne.com\/atelier-galerie\/wp-json\/wp\/v2\/posts\/800"}],"collection":[{"href":"http:\/\/philippemigne.com\/atelier-galerie\/wp-json\/wp\/v2\/posts"}],"about":[{"href":"http:\/\/philippemigne.com\/atelier-galerie\/wp-json\/wp\/v2\/types\/post"}],"author":[{"embeddable":true,"href":"http:\/\/philippemigne.com\/atelier-galerie\/wp-json\/wp\/v2\/users\/2"}],"replies":[{"embeddable":true,"href":"http:\/\/philippemigne.com\/atelier-galerie\/wp-json\/wp\/v2\/comments?post=800"}],"version-history":[{"count":3,"href":"http:\/\/philippemigne.com\/atelier-galerie\/wp-json\/wp\/v2\/posts\/800\/revisions"}],"predecessor-version":[{"id":806,"href":"http:\/\/philippemigne.com\/atelier-galerie\/wp-json\/wp\/v2\/posts\/800\/revisions\/806"}],"wp:featuredmedia":[{"embeddable":true,"href":"http:\/\/philippemigne.com\/atelier-galerie\/wp-json\/wp\/v2\/media\/802"}],"wp:attachment":[{"href":"http:\/\/philippemigne.com\/atelier-galerie\/wp-json\/wp\/v2\/media?parent=800"}],"wp:term":[{"taxonomy":"category","embeddable":true,"href":"http:\/\/philippemigne.com\/atelier-galerie\/wp-json\/wp\/v2\/categories?post=800"},{"taxonomy":"post_tag","embeddable":true,"href":"http:\/\/philippemigne.com\/atelier-galerie\/wp-json\/wp\/v2\/tags?post=800"}],"curies":[{"name":"wp","href":"https:\/\/api.w.org\/{rel}","templated":true}]}}