{"id":195,"date":"2019-01-01T14:49:39","date_gmt":"2019-01-01T13:49:39","guid":{"rendered":"http:\/\/philippemigne.com\/atelier-galerie\/?p=195"},"modified":"2019-02-22T13:45:25","modified_gmt":"2019-02-22T12:45:25","slug":"oceanissime-2017-fouesnant-archipel-du-12-au-30-aout-2017","status":"publish","type":"post","link":"https:\/\/philippemigne.com\/atelier-galerie\/oceanissime-2017-fouesnant-archipel-du-12-au-30-aout-2017\/","title":{"rendered":"OCEANISSIME 2017 \u2013 Fouesnant (29) Archipel du 12 au 30 ao\u00fbt 2017"},"content":{"rendered":"<p><a href=\"http:\/\/philippemigne.com\/atelier-galerie\/wp-content\/uploads\/2019\/02\/oceanissime_fouesnant_affiche.jpg\"><img decoding=\"async\" class=\"alignleft size-full wp-image-181\" src=\"http:\/\/philippemigne.com\/atelier-galerie\/wp-content\/uploads\/2019\/02\/oceanissime_fouesnant_affiche.jpg\" alt=\"Oc\u00e9anissime 2017 Fouesnant - affiche\" width=\"400\" srcset=\"https:\/\/philippemigne.com\/atelier-galerie\/wp-content\/uploads\/2019\/02\/oceanissime_fouesnant_affiche.jpg 600w, https:\/\/philippemigne.com\/atelier-galerie\/wp-content\/uploads\/2019\/02\/oceanissime_fouesnant_affiche-212x300.jpg 212w\" sizes=\"(max-width: 600px) 100vw, 600px\" \/><\/a>L\u2019Acad\u00e9mie des Arts &amp; Sciences de la Mer organise son salon annuel<br \/>\n<strong>OCEANISSIME 2017<\/strong><br \/>\n\u00e0 <strong>FOUESNANT \u2013 LES GL\u00c9NAN<\/strong> (29)<br \/>\ndu 12 au 30 ao\u00fbt 2017<\/p>\n<p><strong>L\u2019ARCHIPEL<\/strong> \u2013 P\u00f4le d\u2019Action Culturelle<br \/>\nEntr\u00e9e gratuite du lundi au samedi de 10h00 \u00e0 12h00 et de 15h00 \u00e0 18h00<\/p>\n<p>Peintres : B\u00e9atrice ALIAMUS, Henri BELBEOC\u2019H, Robert BOSTON, Gaby BOURLIER, Jean-Yves DELITTE (Peintre Officiel de la Marine), Beno\u00eet DONNE, Jean-Pierre GAMARD, Daniel GIRAULT, Joris LE DAIN, Henri LE GOFF, Pierre-Arnaud LEBONNOIS DE NEHEL, Christian LEROY, G\u00e9rard P\u00c9TILLAT, Georges PONVIENNE, Katty SCHARWATT<\/p>\n<p>Photographes : AOSTEN, Frank BOSTON, Patrice CALAMEL, Marie CARDINE, Patrick SAMSON<\/p>\n<p>Sculpteurs : Yannick HILLION, Dominique JOSSE, Richard MARTINEZ, Bernadette MAURO<\/p>\n<p>Maquettiste : Beno\u00eet LE ROUX (+ invit\u00e9 par l\u2019Acad\u00e9mie : Jean GUYON)<\/p>\n<p>\u00c9crivains et Po\u00e8tes : Pierre LIVORY, Jean-Fran\u00e7ois ZAPATA (+ invit\u00e9s par l\u2019Acad\u00e9mie pour une s\u00e9ance de d\u00e9dicaces le lundi 14 ao\u00fbt : Denis BIGET, Jean BULOT, Joseph CO\u00cfC, Christian HERSAN, Charles MADEZO, Anne-Denes MARTIN et Guillaume MOINGEON)<\/p>\n<p>Le vernissage aura lieu le samedi 12 ao\u00fbt 2017 \u00e0 18h30.<\/p>\n","protected":false},"excerpt":{"rendered":"<p>L\u2019Acad\u00e9mie des Arts &amp; Sciences de la Mer organise son salon annuel OCEANISSIME 2017 \u00e0 FOUESNANT \u2013 LES GL\u00c9NAN (29) du 12 au 30 ao\u00fbt 2017 L\u2019ARCHIPEL \u2013 P\u00f4le d\u2019Action Culturelle Entr\u00e9e gratuite du lundi au samedi de 10h00 \u00e0 12h00 et de 15h00 \u00e0 18h00 Peintres : B\u00e9atrice ALIAMUS, Henri BELBEOC\u2019H, Robert BOSTON, Gaby [&hellip;]<\/p>\n","protected":false},"author":1,"featured_media":182,"comment_status":"closed","ping_status":"closed","sticky":false,"template":"","format":"standard","meta":[],"categories":[1],"tags":[13,14,12],"_links":{"self":[{"href":"https:\/\/philippemigne.com\/atelier-galerie\/wp-json\/wp\/v2\/posts\/195"}],"collection":[{"href":"https:\/\/philippemigne.com\/atelier-galerie\/wp-json\/wp\/v2\/posts"}],"about":[{"href":"https:\/\/philippemigne.com\/atelier-galerie\/wp-json\/wp\/v2\/types\/post"}],"author":[{"embeddable":true,"href":"https:\/\/philippemigne.com\/atelier-galerie\/wp-json\/wp\/v2\/users\/1"}],"replies":[{"embeddable":true,"href":"https:\/\/philippemigne.com\/atelier-galerie\/wp-json\/wp\/v2\/comments?post=195"}],"version-history":[{"count":4,"href":"https:\/\/philippemigne.com\/atelier-galerie\/wp-json\/wp\/v2\/posts\/195\/revisions"}],"predecessor-version":[{"id":432,"href":"https:\/\/philippemigne.com\/atelier-galerie\/wp-json\/wp\/v2\/posts\/195\/revisions\/432"}],"wp:featuredmedia":[{"embeddable":true,"href":"https:\/\/philippemigne.com\/atelier-galerie\/wp-json\/wp\/v2\/media\/182"}],"wp:attachment":[{"href":"https:\/\/philippemigne.com\/atelier-galerie\/wp-json\/wp\/v2\/media?parent=195"}],"wp:term":[{"taxonomy":"category","embeddable":true,"href":"https:\/\/philippemigne.com\/atelier-galerie\/wp-json\/wp\/v2\/categories?post=195"},{"taxonomy":"post_tag","embeddable":true,"href":"https:\/\/philippemigne.com\/atelier-galerie\/wp-json\/wp\/v2\/tags?post=195"}],"curies":[{"name":"wp","href":"https:\/\/api.w.org\/{rel}","templated":true}]}}