{"id":199,"date":"2019-01-01T15:50:54","date_gmt":"2019-01-01T14:50:54","guid":{"rendered":"http:\/\/philippemigne.com\/atelier-galerie\/?p=199"},"modified":"2019-02-22T13:46:06","modified_gmt":"2019-02-22T12:46:06","slug":"biennale-internationale-de-gravure-conflans-sainte-honorine-78-du-18-au-26-novembre-2018","status":"publish","type":"post","link":"https:\/\/philippemigne.com\/atelier-galerie\/biennale-internationale-de-gravure-conflans-sainte-honorine-78-du-18-au-26-novembre-2018\/","title":{"rendered":"Biennale Internationale de Gravure &#8211; Conflans-Sainte-Honorine (78) &#8211; du 18 au 26 novembre 2018"},"content":{"rendered":"<p><a href=\"http:\/\/philippemigne.com\/atelier-galerie\/wp-content\/uploads\/2019\/02\/10x15conflans-1.jpg\"><img decoding=\"async\" class=\"alignleft size-full wp-image-184\" src=\"http:\/\/philippemigne.com\/atelier-galerie\/wp-content\/uploads\/2019\/02\/10x15conflans-1.jpg\" alt=\"Biennale Conflans 15x10\" width=\"400\" srcset=\"https:\/\/philippemigne.com\/atelier-galerie\/wp-content\/uploads\/2019\/02\/10x15conflans-1.jpg 600w, https:\/\/philippemigne.com\/atelier-galerie\/wp-content\/uploads\/2019\/02\/10x15conflans-1-211x300.jpg 211w\" sizes=\"(max-width: 600px) 100vw, 600px\" \/><\/a>15 artistes exposent 10 \u0153uvres chacun. Cette manifestation constitue un des plus importants rendez-vous artistique et culturel de la r\u00e9gion Ile-de-France. D\u00e9di\u00e9e \u00e0 l\u2019art original de l\u2019estampe, cette exposition favorise la rencontre d\u2019artistes &nbsp;pour la cr\u00e9ation d\u2019\u00e9changes&nbsp; fructueux. Elle est tr\u00e8s pris\u00e9e des graveurs professionnels et des amoureux de la gravure. Sa notori\u00e9t\u00e9 d\u00e9passe les fronti\u00e8res puisque les ann\u00e9es pass\u00e9es avaient \u00e9t\u00e9 invit\u00e9s l\u2019Argentine, l\u2019Italie, l\u2019Espagne, la Belgique, le Danemark, la Slovaquie, la Finlande et l\u2019Allemagne. Cette ann\u00e9e elle s\u2019est recentr\u00e9e sur la France avec des artistes talentueux fran\u00e7ais et \u00e9trangers.<\/p>\n<p><strong>XVI\u00e8me Biennale Internationale de Gravure<\/strong><br \/>\norganis\u00e9e par l&rsquo;Atelier d&rsquo;Art Andr\u00e9 Langlais<br \/>\nDu 18 au 26 novembre 2017<\/p>\n<p>Adresse salle des f\u00eates<br \/>\nPlace Romagne<br \/>\n78700 Conflans-Sainte-Honorine<\/p>\n<p>Du lundi au vendredi de 14h \u00e0 19h, samedi et dimanche 10h \u00e0 19h sans interruption<\/p>\n","protected":false},"excerpt":{"rendered":"<p>15 artistes exposent 10 \u0153uvres chacun. Cette manifestation constitue un des plus importants rendez-vous artistique et culturel de la r\u00e9gion Ile-de-France. D\u00e9di\u00e9e \u00e0 l\u2019art original de l\u2019estampe, cette exposition favorise la rencontre d\u2019artistes &nbsp;pour la cr\u00e9ation d\u2019\u00e9changes&nbsp; fructueux. Elle est tr\u00e8s pris\u00e9e des graveurs professionnels et des amoureux de la gravure. Sa notori\u00e9t\u00e9 d\u00e9passe les [&hellip;]<\/p>\n","protected":false},"author":1,"featured_media":183,"comment_status":"closed","ping_status":"closed","sticky":false,"template":"","format":"standard","meta":[],"categories":[1],"tags":[14,15],"_links":{"self":[{"href":"https:\/\/philippemigne.com\/atelier-galerie\/wp-json\/wp\/v2\/posts\/199"}],"collection":[{"href":"https:\/\/philippemigne.com\/atelier-galerie\/wp-json\/wp\/v2\/posts"}],"about":[{"href":"https:\/\/philippemigne.com\/atelier-galerie\/wp-json\/wp\/v2\/types\/post"}],"author":[{"embeddable":true,"href":"https:\/\/philippemigne.com\/atelier-galerie\/wp-json\/wp\/v2\/users\/1"}],"replies":[{"embeddable":true,"href":"https:\/\/philippemigne.com\/atelier-galerie\/wp-json\/wp\/v2\/comments?post=199"}],"version-history":[{"count":4,"href":"https:\/\/philippemigne.com\/atelier-galerie\/wp-json\/wp\/v2\/posts\/199\/revisions"}],"predecessor-version":[{"id":208,"href":"https:\/\/philippemigne.com\/atelier-galerie\/wp-json\/wp\/v2\/posts\/199\/revisions\/208"}],"wp:featuredmedia":[{"embeddable":true,"href":"https:\/\/philippemigne.com\/atelier-galerie\/wp-json\/wp\/v2\/media\/183"}],"wp:attachment":[{"href":"https:\/\/philippemigne.com\/atelier-galerie\/wp-json\/wp\/v2\/media?parent=199"}],"wp:term":[{"taxonomy":"category","embeddable":true,"href":"https:\/\/philippemigne.com\/atelier-galerie\/wp-json\/wp\/v2\/categories?post=199"},{"taxonomy":"post_tag","embeddable":true,"href":"https:\/\/philippemigne.com\/atelier-galerie\/wp-json\/wp\/v2\/tags?post=199"}],"curies":[{"name":"wp","href":"https:\/\/api.w.org\/{rel}","templated":true}]}}