{"id":217,"date":"2019-01-01T15:20:03","date_gmt":"2019-01-01T14:20:03","guid":{"rendered":"http:\/\/philippemigne.com\/atelier-galerie\/?p=217"},"modified":"2019-02-22T13:44:13","modified_gmt":"2019-02-22T12:44:13","slug":"salon-des-arts-cap-cavalarts-penmarch-du-15-au-18-juin-2018","status":"publish","type":"post","link":"https:\/\/philippemigne.com\/atelier-galerie\/salon-des-arts-cap-cavalarts-penmarch-du-15-au-18-juin-2018\/","title":{"rendered":"Salon des Arts CAP CAVAL&rsquo;ARTS &#8211; Penmarc&rsquo;h &#8211; du 15 au 18 juin 2018"},"content":{"rendered":"<p><a href=\"http:\/\/philippemigne.com\/atelier-galerie\/wp-content\/uploads\/2019\/02\/AFFICHE-2018-14.jpg\"><img decoding=\"async\" class=\"alignleft size-full wp-image-215\" src=\"http:\/\/philippemigne.com\/atelier-galerie\/wp-content\/uploads\/2019\/02\/AFFICHE-2018-14.jpg\" alt=\"\" width=\"400\" srcset=\"https:\/\/philippemigne.com\/atelier-galerie\/wp-content\/uploads\/2019\/02\/AFFICHE-2018-14.jpg 600w, https:\/\/philippemigne.com\/atelier-galerie\/wp-content\/uploads\/2019\/02\/AFFICHE-2018-14-225x300.jpg 225w\" sizes=\"(max-width: 600px) 100vw, 600px\" \/><\/a>Le salon a pour objectif d&rsquo;accueillir des artistes du Pays Bigouden, afin de faire d\u00e9couvrir la richesse et la diversit\u00e9 de la cr\u00e9ation artistique locale. L&rsquo;\u00e9dition 2018 sera celle de plusieurs \u00ab\u00a0premi\u00e8res fois\u00a0\u00bb, avec un duo d&rsquo;invit\u00e9s d&rsquo;honneur, Nadejda Menier et Philippe Mign\u00e9, tous deux graveurs. Des stages de sculpture avec Daniel Stanzioni et une animation \u00ab\u00a0carnet de voyage\u00a0\u00bb avec Muriel Bayet et Khali sont pr\u00e9vus pendant le salon.<\/p>\n<p><strong>Salon des Arts<\/strong><br \/>\nDu 15 au 18 juin 2018 &#8211; 10h \/ 19h<\/p>\n<p>Salle Cap Caval<br \/>\nAvenue de Skibbereen<br \/>\n29760 <strong>PENMARC&rsquo;H<\/strong><\/p>\n","protected":false},"excerpt":{"rendered":"<p>Le salon a pour objectif d&rsquo;accueillir des artistes du Pays Bigouden, afin de faire d\u00e9couvrir la richesse et la diversit\u00e9 de la cr\u00e9ation artistique locale. L&rsquo;\u00e9dition 2018 sera celle de plusieurs \u00ab\u00a0premi\u00e8res fois\u00a0\u00bb, avec un duo d&rsquo;invit\u00e9s d&rsquo;honneur, Nadejda Menier et Philippe Mign\u00e9, tous deux graveurs. Des stages de sculpture avec Daniel Stanzioni et une [&hellip;]<\/p>\n","protected":false},"author":1,"featured_media":216,"comment_status":"closed","ping_status":"closed","sticky":false,"template":"","format":"standard","meta":[],"categories":[1],"tags":[14,12],"_links":{"self":[{"href":"https:\/\/philippemigne.com\/atelier-galerie\/wp-json\/wp\/v2\/posts\/217"}],"collection":[{"href":"https:\/\/philippemigne.com\/atelier-galerie\/wp-json\/wp\/v2\/posts"}],"about":[{"href":"https:\/\/philippemigne.com\/atelier-galerie\/wp-json\/wp\/v2\/types\/post"}],"author":[{"embeddable":true,"href":"https:\/\/philippemigne.com\/atelier-galerie\/wp-json\/wp\/v2\/users\/1"}],"replies":[{"embeddable":true,"href":"https:\/\/philippemigne.com\/atelier-galerie\/wp-json\/wp\/v2\/comments?post=217"}],"version-history":[{"count":4,"href":"https:\/\/philippemigne.com\/atelier-galerie\/wp-json\/wp\/v2\/posts\/217\/revisions"}],"predecessor-version":[{"id":430,"href":"https:\/\/philippemigne.com\/atelier-galerie\/wp-json\/wp\/v2\/posts\/217\/revisions\/430"}],"wp:featuredmedia":[{"embeddable":true,"href":"https:\/\/philippemigne.com\/atelier-galerie\/wp-json\/wp\/v2\/media\/216"}],"wp:attachment":[{"href":"https:\/\/philippemigne.com\/atelier-galerie\/wp-json\/wp\/v2\/media?parent=217"}],"wp:term":[{"taxonomy":"category","embeddable":true,"href":"https:\/\/philippemigne.com\/atelier-galerie\/wp-json\/wp\/v2\/categories?post=217"},{"taxonomy":"post_tag","embeddable":true,"href":"https:\/\/philippemigne.com\/atelier-galerie\/wp-json\/wp\/v2\/tags?post=217"}],"curies":[{"name":"wp","href":"https:\/\/api.w.org\/{rel}","templated":true}]}}