{"id":583,"date":"2019-02-01T18:11:43","date_gmt":"2019-02-01T17:11:43","guid":{"rendered":"http:\/\/philippemigne.com\/atelier-galerie\/?p=583"},"modified":"2019-03-21T18:33:03","modified_gmt":"2019-03-21T17:33:03","slug":"4-eme-biennale-salon-dart-de-berric-2019","status":"publish","type":"post","link":"https:\/\/philippemigne.com\/atelier-galerie\/4-eme-biennale-salon-dart-de-berric-2019\/","title":{"rendered":"4 eme Biennale Salon d&rsquo;Art de Berric 2019"},"content":{"rendered":"<p><img decoding=\"async\" loading=\"lazy\" class=\"alignnone size-medium wp-image-586\" src=\"http:\/\/philippemigne.com\/atelier-galerie\/wp-content\/uploads\/2019\/02\/ville-ammonite-peinture-fossile-philippe-migne-1-300x300.jpg\" alt=\"\" width=\"300\" height=\"300\" srcset=\"https:\/\/philippemigne.com\/atelier-galerie\/wp-content\/uploads\/2019\/02\/ville-ammonite-peinture-fossile-philippe-migne-1-300x300.jpg 300w, https:\/\/philippemigne.com\/atelier-galerie\/wp-content\/uploads\/2019\/02\/ville-ammonite-peinture-fossile-philippe-migne-1-150x150.jpg 150w, https:\/\/philippemigne.com\/atelier-galerie\/wp-content\/uploads\/2019\/02\/ville-ammonite-peinture-fossile-philippe-migne-1-768x768.jpg 768w, https:\/\/philippemigne.com\/atelier-galerie\/wp-content\/uploads\/2019\/02\/ville-ammonite-peinture-fossile-philippe-migne-1-385x385.jpg 385w, https:\/\/philippemigne.com\/atelier-galerie\/wp-content\/uploads\/2019\/02\/ville-ammonite-peinture-fossile-philippe-migne-1.jpg 980w\" sizes=\"(max-width: 300px) 100vw, 300px\" \/><\/p>\n\n\n<p>Du vendredi 19 Avril au Lundi 22 Avril 2019<br>de 10 h \u00e0 18 h \u00e0 la salle le verger de Berric.<br>Vernissage le samedi 20 Avril \u00e0 18 heures<\/p>\n","protected":false},"excerpt":{"rendered":"<p>Du vendredi 19 Avril au Lundi 22 Avril 2019de 10 h \u00e0 18 h \u00e0 la salle le verger de Berric.Vernissage le samedi 20 Avril \u00e0 18 heures<\/p>\n","protected":false},"author":2,"featured_media":586,"comment_status":"closed","ping_status":"closed","sticky":false,"template":"","format":"standard","meta":[],"categories":[1],"tags":[14,15],"_links":{"self":[{"href":"https:\/\/philippemigne.com\/atelier-galerie\/wp-json\/wp\/v2\/posts\/583"}],"collection":[{"href":"https:\/\/philippemigne.com\/atelier-galerie\/wp-json\/wp\/v2\/posts"}],"about":[{"href":"https:\/\/philippemigne.com\/atelier-galerie\/wp-json\/wp\/v2\/types\/post"}],"author":[{"embeddable":true,"href":"https:\/\/philippemigne.com\/atelier-galerie\/wp-json\/wp\/v2\/users\/2"}],"replies":[{"embeddable":true,"href":"https:\/\/philippemigne.com\/atelier-galerie\/wp-json\/wp\/v2\/comments?post=583"}],"version-history":[{"count":2,"href":"https:\/\/philippemigne.com\/atelier-galerie\/wp-json\/wp\/v2\/posts\/583\/revisions"}],"predecessor-version":[{"id":587,"href":"https:\/\/philippemigne.com\/atelier-galerie\/wp-json\/wp\/v2\/posts\/583\/revisions\/587"}],"wp:featuredmedia":[{"embeddable":true,"href":"https:\/\/philippemigne.com\/atelier-galerie\/wp-json\/wp\/v2\/media\/586"}],"wp:attachment":[{"href":"https:\/\/philippemigne.com\/atelier-galerie\/wp-json\/wp\/v2\/media?parent=583"}],"wp:term":[{"taxonomy":"category","embeddable":true,"href":"https:\/\/philippemigne.com\/atelier-galerie\/wp-json\/wp\/v2\/categories?post=583"},{"taxonomy":"post_tag","embeddable":true,"href":"https:\/\/philippemigne.com\/atelier-galerie\/wp-json\/wp\/v2\/tags?post=583"}],"curies":[{"name":"wp","href":"https:\/\/api.w.org\/{rel}","templated":true}]}}