{"id":655,"date":"2019-02-03T16:10:02","date_gmt":"2019-02-03T15:10:02","guid":{"rendered":"http:\/\/philippemigne.com\/atelier-galerie\/?p=655"},"modified":"2019-07-17T16:11:50","modified_gmt":"2019-07-17T14:11:50","slug":"oceanissime-2019","status":"publish","type":"post","link":"https:\/\/philippemigne.com\/atelier-galerie\/oceanissime-2019\/","title":{"rendered":"OCEANISSIME 2019"},"content":{"rendered":"\n<figure class=\"wp-block-image\"><img decoding=\"async\" loading=\"lazy\" width=\"653\" height=\"489\" src=\"http:\/\/philippemigne.com\/atelier-galerie\/wp-content\/uploads\/2019\/07\/AASMER-LaFerteBernard-affHDA4-1.jpg\" alt=\"\" class=\"wp-image-657\" srcset=\"https:\/\/philippemigne.com\/atelier-galerie\/wp-content\/uploads\/2019\/07\/AASMER-LaFerteBernard-affHDA4-1.jpg 653w, https:\/\/philippemigne.com\/atelier-galerie\/wp-content\/uploads\/2019\/07\/AASMER-LaFerteBernard-affHDA4-1-300x225.jpg 300w\" sizes=\"(max-width: 653px) 100vw, 653px\" \/><\/figure>\n\n\n\n\n\n<p>Du 10 au 20 Octobre 2019 au halles Denis B\u00e9alet \u00e0 la Fert\u00e9-Bernard<br>Tous les jours de 14 h 30 \u00e0 18 h 30<br>En compagnie de mes camarades Asm\u00e9riens et Asm\u00e9ri\u00e8nnes j&rsquo;aurais le plaisir d&rsquo;exposer mes gravures \u00e0 l&rsquo;eau-forte lors du Salon annuel de l\u2019acad\u00e9mie des Arts et Sciences de la mer<br><br><\/p>\n","protected":false},"excerpt":{"rendered":"<p>Du 10 au 20 Octobre 2019 au halles Denis B\u00e9alet \u00e0 la Fert\u00e9-BernardTous les jours de 14 h 30 \u00e0 18 h 30En compagnie de mes camarades Asm\u00e9riens et Asm\u00e9ri\u00e8nnes j&rsquo;aurais le plaisir d&rsquo;exposer mes gravures \u00e0 l&rsquo;eau-forte lors du Salon annuel de l\u2019acad\u00e9mie des Arts et Sciences de la mer<\/p>\n","protected":false},"author":2,"featured_media":656,"comment_status":"closed","ping_status":"closed","sticky":false,"template":"","format":"standard","meta":[],"categories":[1],"tags":[14,15],"_links":{"self":[{"href":"https:\/\/philippemigne.com\/atelier-galerie\/wp-json\/wp\/v2\/posts\/655"}],"collection":[{"href":"https:\/\/philippemigne.com\/atelier-galerie\/wp-json\/wp\/v2\/posts"}],"about":[{"href":"https:\/\/philippemigne.com\/atelier-galerie\/wp-json\/wp\/v2\/types\/post"}],"author":[{"embeddable":true,"href":"https:\/\/philippemigne.com\/atelier-galerie\/wp-json\/wp\/v2\/users\/2"}],"replies":[{"embeddable":true,"href":"https:\/\/philippemigne.com\/atelier-galerie\/wp-json\/wp\/v2\/comments?post=655"}],"version-history":[{"count":2,"href":"https:\/\/philippemigne.com\/atelier-galerie\/wp-json\/wp\/v2\/posts\/655\/revisions"}],"predecessor-version":[{"id":659,"href":"https:\/\/philippemigne.com\/atelier-galerie\/wp-json\/wp\/v2\/posts\/655\/revisions\/659"}],"wp:featuredmedia":[{"embeddable":true,"href":"https:\/\/philippemigne.com\/atelier-galerie\/wp-json\/wp\/v2\/media\/656"}],"wp:attachment":[{"href":"https:\/\/philippemigne.com\/atelier-galerie\/wp-json\/wp\/v2\/media?parent=655"}],"wp:term":[{"taxonomy":"category","embeddable":true,"href":"https:\/\/philippemigne.com\/atelier-galerie\/wp-json\/wp\/v2\/categories?post=655"},{"taxonomy":"post_tag","embeddable":true,"href":"https:\/\/philippemigne.com\/atelier-galerie\/wp-json\/wp\/v2\/tags?post=655"}],"curies":[{"name":"wp","href":"https:\/\/api.w.org\/{rel}","templated":true}]}}