{"id":660,"date":"2019-02-02T17:13:58","date_gmt":"2019-02-02T16:13:58","guid":{"rendered":"http:\/\/philippemigne.com\/atelier-galerie\/?p=660"},"modified":"2019-07-17T17:41:04","modified_gmt":"2019-07-17T15:41:04","slug":"vi-salon-de-la-gravure-2019","status":"publish","type":"post","link":"https:\/\/philippemigne.com\/atelier-galerie\/vi-salon-de-la-gravure-2019\/","title":{"rendered":"VI Salon de la gravure 2019"},"content":{"rendered":"\n<figure class=\"wp-block-image\"><img decoding=\"async\" loading=\"lazy\" width=\"720\" height=\"1024\" src=\"http:\/\/philippemigne.com\/atelier-galerie\/wp-content\/uploads\/2019\/07\/kerazan-gravure-philippe-migne-720x1024.jpg\" alt=\"\" class=\"wp-image-661\" srcset=\"https:\/\/philippemigne.com\/atelier-galerie\/wp-content\/uploads\/2019\/07\/kerazan-gravure-philippe-migne-720x1024.jpg 720w, https:\/\/philippemigne.com\/atelier-galerie\/wp-content\/uploads\/2019\/07\/kerazan-gravure-philippe-migne-211x300.jpg 211w, https:\/\/philippemigne.com\/atelier-galerie\/wp-content\/uploads\/2019\/07\/kerazan-gravure-philippe-migne-768x1092.jpg 768w, https:\/\/philippemigne.com\/atelier-galerie\/wp-content\/uploads\/2019\/07\/kerazan-gravure-philippe-migne.jpg 800w\" sizes=\"(max-width: 720px) 100vw, 720px\" \/><\/figure>\n\n\n\n<p>La sixi\u00e8me \u00e9dition du salon de la gravure du manoir de Kerazan programm\u00e9e lors des journ\u00e9es europ\u00e9ennes du patrimoine accueillera cette ann\u00e9e 13 graveurs, un large panel d&rsquo;inspirations et de techniques.<br><br><\/p>\n","protected":false},"excerpt":{"rendered":"<p>La sixi\u00e8me \u00e9dition du salon de la gravure du manoir de Kerazan programm\u00e9e lors des journ\u00e9es europ\u00e9ennes du patrimoine accueillera cette ann\u00e9e 13 graveurs, un large panel d&rsquo;inspirations et de techniques.<\/p>\n","protected":false},"author":2,"featured_media":661,"comment_status":"closed","ping_status":"closed","sticky":false,"template":"","format":"standard","meta":[],"categories":[1],"tags":[14,15],"_links":{"self":[{"href":"https:\/\/philippemigne.com\/atelier-galerie\/wp-json\/wp\/v2\/posts\/660"}],"collection":[{"href":"https:\/\/philippemigne.com\/atelier-galerie\/wp-json\/wp\/v2\/posts"}],"about":[{"href":"https:\/\/philippemigne.com\/atelier-galerie\/wp-json\/wp\/v2\/types\/post"}],"author":[{"embeddable":true,"href":"https:\/\/philippemigne.com\/atelier-galerie\/wp-json\/wp\/v2\/users\/2"}],"replies":[{"embeddable":true,"href":"https:\/\/philippemigne.com\/atelier-galerie\/wp-json\/wp\/v2\/comments?post=660"}],"version-history":[{"count":1,"href":"https:\/\/philippemigne.com\/atelier-galerie\/wp-json\/wp\/v2\/posts\/660\/revisions"}],"predecessor-version":[{"id":662,"href":"https:\/\/philippemigne.com\/atelier-galerie\/wp-json\/wp\/v2\/posts\/660\/revisions\/662"}],"wp:featuredmedia":[{"embeddable":true,"href":"https:\/\/philippemigne.com\/atelier-galerie\/wp-json\/wp\/v2\/media\/661"}],"wp:attachment":[{"href":"https:\/\/philippemigne.com\/atelier-galerie\/wp-json\/wp\/v2\/media?parent=660"}],"wp:term":[{"taxonomy":"category","embeddable":true,"href":"https:\/\/philippemigne.com\/atelier-galerie\/wp-json\/wp\/v2\/categories?post=660"},{"taxonomy":"post_tag","embeddable":true,"href":"https:\/\/philippemigne.com\/atelier-galerie\/wp-json\/wp\/v2\/tags?post=660"}],"curies":[{"name":"wp","href":"https:\/\/api.w.org\/{rel}","templated":true}]}}