{"id":689,"date":"2019-02-04T16:13:06","date_gmt":"2019-02-04T15:13:06","guid":{"rendered":"http:\/\/philippemigne.com\/atelier-galerie\/?p=689"},"modified":"2019-10-12T11:32:57","modified_gmt":"2019-10-12T09:32:57","slug":"symposium-de-gravure-2019","status":"publish","type":"post","link":"https:\/\/philippemigne.com\/atelier-galerie\/symposium-de-gravure-2019\/","title":{"rendered":"SYMPOSIUM DE GRAVURE 2019"},"content":{"rendered":"\n<figure class=\"wp-block-image\"><img decoding=\"async\" loading=\"lazy\" width=\"724\" height=\"1024\" src=\"http:\/\/philippemigne.com\/atelier-galerie\/wp-content\/uploads\/2019\/10\/AfficheNJ-2-web-724x1024.jpg\" alt=\"\" class=\"wp-image-690\" srcset=\"https:\/\/philippemigne.com\/atelier-galerie\/wp-content\/uploads\/2019\/10\/AfficheNJ-2-web-724x1024.jpg 724w, https:\/\/philippemigne.com\/atelier-galerie\/wp-content\/uploads\/2019\/10\/AfficheNJ-2-web-212x300.jpg 212w, https:\/\/philippemigne.com\/atelier-galerie\/wp-content\/uploads\/2019\/10\/AfficheNJ-2-web-768x1086.jpg 768w, https:\/\/philippemigne.com\/atelier-galerie\/wp-content\/uploads\/2019\/10\/AfficheNJ-2-web.jpg 842w\" sizes=\"(max-width: 724px) 100vw, 724px\" \/><\/figure>\n\n\n\n<p>C&rsquo;est une premi\u00e8re en Bretagne, sur\nsite digne d&rsquo;une \u0153uvre du c\u00e9l\u00e8bre graveur Henry Rivi\u00e8re: le\nDourven , le collectif ESTampe \u00e0 l&rsquo;OUEST organise un symposium de\ngravure.<\/p>\n\n\n\n<p>Durant  une dizaine de jours, les\nquatre graveurs du collectif  Serge Marzin, Philippe Mign\u00e9, B\u00e9a\nNevoux et Erik Saignes travailleront devant le public les deux\ngrandes familles de gravure,( xylographies et gravures taille-douce\n).<\/p>\n\n\n\n<p>Des ateliers, des conf\u00e9rences une\nexposition des \u0153uvres inspir\u00e9es par le lieu ainsi qu&rsquo;une\npr\u00e9sentation du livre d&rsquo;artiste  \u00ab\u00a0Archipel des possibles &#8211; le\nDourven.\u00a0\u00bb<\/p>\n\n\n\n<p>Du 29 Novembre au 8 D\u00e9cembre 2019<\/p>\n\n\n\n<p>Entr\u00e9e libre de 10 h 30 \u00e0 18 h<\/p>\n\n\n\n<p>Domaine du Dourven &#8211; 22300 Locqu\u00e9meau<\/p>\n\n\n\n<p>Contact 06 76 70 86 77<\/p>\n\n\n\n<p><br><\/p>\n\n\n\n<figure class=\"wp-block-image\"><img decoding=\"async\" loading=\"lazy\" width=\"595\" height=\"842\" src=\"http:\/\/philippemigne.com\/atelier-galerie\/wp-content\/uploads\/2019\/10\/image.png\" alt=\"\" class=\"wp-image-696\" srcset=\"https:\/\/philippemigne.com\/atelier-galerie\/wp-content\/uploads\/2019\/10\/image.png 595w, https:\/\/philippemigne.com\/atelier-galerie\/wp-content\/uploads\/2019\/10\/image-212x300.png 212w\" sizes=\"(max-width: 595px) 100vw, 595px\" \/><\/figure>\n\n\n\n<p><\/p>\n\n\n\n<figure class=\"wp-block-image\"><img decoding=\"async\" loading=\"lazy\" width=\"595\" height=\"842\" src=\"http:\/\/philippemigne.com\/atelier-galerie\/wp-content\/uploads\/2019\/10\/image-1.png\" alt=\"\" class=\"wp-image-698\" srcset=\"https:\/\/philippemigne.com\/atelier-galerie\/wp-content\/uploads\/2019\/10\/image-1.png 595w, https:\/\/philippemigne.com\/atelier-galerie\/wp-content\/uploads\/2019\/10\/image-1-212x300.png 212w\" sizes=\"(max-width: 595px) 100vw, 595px\" \/><\/figure>\n\n\n\n<p><br><\/p>\n","protected":false},"excerpt":{"rendered":"<p>C&rsquo;est une premi\u00e8re en Bretagne, sur site digne d&rsquo;une \u0153uvre du c\u00e9l\u00e8bre graveur Henry Rivi\u00e8re: le Dourven , le collectif ESTampe \u00e0 l&rsquo;OUEST organise un symposium de gravure. Durant une dizaine de jours, les quatre graveurs du collectif Serge Marzin, Philippe Mign\u00e9, B\u00e9a Nevoux et Erik Saignes travailleront devant le public les deux grandes familles [&hellip;]<\/p>\n","protected":false},"author":2,"featured_media":690,"comment_status":"closed","ping_status":"closed","sticky":false,"template":"","format":"standard","meta":[],"categories":[1],"tags":[14,15],"_links":{"self":[{"href":"https:\/\/philippemigne.com\/atelier-galerie\/wp-json\/wp\/v2\/posts\/689"}],"collection":[{"href":"https:\/\/philippemigne.com\/atelier-galerie\/wp-json\/wp\/v2\/posts"}],"about":[{"href":"https:\/\/philippemigne.com\/atelier-galerie\/wp-json\/wp\/v2\/types\/post"}],"author":[{"embeddable":true,"href":"https:\/\/philippemigne.com\/atelier-galerie\/wp-json\/wp\/v2\/users\/2"}],"replies":[{"embeddable":true,"href":"https:\/\/philippemigne.com\/atelier-galerie\/wp-json\/wp\/v2\/comments?post=689"}],"version-history":[{"count":2,"href":"https:\/\/philippemigne.com\/atelier-galerie\/wp-json\/wp\/v2\/posts\/689\/revisions"}],"predecessor-version":[{"id":699,"href":"https:\/\/philippemigne.com\/atelier-galerie\/wp-json\/wp\/v2\/posts\/689\/revisions\/699"}],"wp:featuredmedia":[{"embeddable":true,"href":"https:\/\/philippemigne.com\/atelier-galerie\/wp-json\/wp\/v2\/media\/690"}],"wp:attachment":[{"href":"https:\/\/philippemigne.com\/atelier-galerie\/wp-json\/wp\/v2\/media?parent=689"}],"wp:term":[{"taxonomy":"category","embeddable":true,"href":"https:\/\/philippemigne.com\/atelier-galerie\/wp-json\/wp\/v2\/categories?post=689"},{"taxonomy":"post_tag","embeddable":true,"href":"https:\/\/philippemigne.com\/atelier-galerie\/wp-json\/wp\/v2\/tags?post=689"}],"curies":[{"name":"wp","href":"https:\/\/api.w.org\/{rel}","templated":true}]}}